{"id":1159,"date":"2021-07-29T22:00:42","date_gmt":"2021-07-29T22:00:42","guid":{"rendered":"http:\/\/www.biolaster.com\/blogs\/kinesiotape\/?p=1159"},"modified":"2021-07-29T22:02:53","modified_gmt":"2021-07-29T22:02:53","slug":"retraccion-fascial-abdominal-con-tecnica-de-espacio","status":"publish","type":"post","link":"http:\/\/www.biolaster.com\/blogs\/kinesiotape\/2021\/07\/29\/retraccion-fascial-abdominal-con-tecnica-de-espacio\/","title":{"rendered":"Retracci\u00f3n fascial abdominal con t\u00e9cnica de espacio"},"content":{"rendered":"\n<p>\u00daltimo post antes de las vacaciones de verano! Y os traigo un caso real que curs\u00f3 tras una microrotura de fibras del recto abdominal IZDO de un deportista profesional ( pelotari) que se confirm\u00f3 en un primer tiempo con ecograf\u00eda y tras ello con resonancia magn\u00e9tica. La evoluci\u00f3n de la microrotura fibrilar fue muy buena consiguiendo ser asintom\u00e1tica en el espacio de tres semanas y tratada desde su inicio con hipertermia profunda ( Indiba) a raz\u00f3n de dos sesiones diarias de lunes a viernes y vendaje neuromuscular con t\u00e9cnica de inhibici\u00f3n muscular sobre los dos rectos abdominales.<\/p>\n\n\n\n<figure class=\"wp-block-image size-large\"><img loading=\"lazy\" decoding=\"async\" width=\"768\" height=\"1024\" src=\"http:\/\/www.biolaster.com\/blogs\/kinesiotape\/wp-content\/uploads\/sites\/3\/2021\/07\/IMG_6716-768x1024.jpg\" alt=\"\" class=\"wp-image-1158\" srcset=\"http:\/\/www.biolaster.com\/blogs\/kinesiotape\/wp-content\/uploads\/sites\/3\/2021\/07\/IMG_6716-768x1024.jpg 768w, http:\/\/www.biolaster.com\/blogs\/kinesiotape\/wp-content\/uploads\/sites\/3\/2021\/07\/IMG_6716-225x300.jpg 225w, http:\/\/www.biolaster.com\/blogs\/kinesiotape\/wp-content\/uploads\/sites\/3\/2021\/07\/IMG_6716-1152x1536.jpg 1152w, http:\/\/www.biolaster.com\/blogs\/kinesiotape\/wp-content\/uploads\/sites\/3\/2021\/07\/IMG_6716-1200x1600.jpg 1200w, http:\/\/www.biolaster.com\/blogs\/kinesiotape\/wp-content\/uploads\/sites\/3\/2021\/07\/IMG_6716-rotated.jpg 1512w\" sizes=\"(max-width: 709px) 85vw, (max-width: 909px) 67vw, (max-width: 984px) 61vw, (max-width: 1362px) 45vw, 600px\" \/><\/figure>\n\n\n\n<p>Lo interesante del caso es que el dolor inicial localizado en el recto abdominal IZDO en su tercio medio, reconocido claramente como el del inicio de la lesi\u00f3n por parte del paciente, desapareci\u00f3 por completo pero al reiniciar la actividad deportiva,  porgresivamente, debut\u00f3 un dolor sordo e insidioso , dif\u00edcil de localizar a punta de dedo a lo largo del bajo abdomen sobretodo al realizar ejercicios de flexi\u00f3n. Ante la duda de un posible recidiva se realiza control ecogr\u00e1fico con resultado negativo y posteriormente de nuevo resonancia magn\u00e9tica con el mismo resultado ante lo cual se decide tratamiento miofascial con final de aplicaci\u00f3n de vendaje neuromuscular con t\u00e9cnica de aumento de espacio en m\u00e1xima respiraci\u00f3n abdominal y abarcando toda la pared anterior abdominal (tensi\u00f3n m\u00e1xima de 25%) con aplicaciones cortas e individuales con un resultado postivo desde el primer d\u00eda de aplicaci\u00f3n.<\/p>\n\n\n\n<p>A d\u00eda de hoy, 6 semanas despu\u00e9s del inicio del problema, el paciente es totalmente asintom\u00e1tico y como previsi\u00f3n, dados los buenos resultados ,se realiza una aplicaci\u00f3n del vendaje neuromuscular ( la de la foto) con finalidad preventiva. Espero que os pueda servir de orientaci\u00f3n y os deseo una buenas vacaciones y descanso de verano, que sig\u00e1is todos muy bien de salud y nos vemos en septiembre! Disfrutar! <\/p>\n","protected":false},"excerpt":{"rendered":"<p>\u00daltimo post antes de las vacaciones de verano! Y os traigo un caso real que curs\u00f3 tras una microrotura de fibras del recto abdominal IZDO de un deportista profesional ( pelotari) que se confirm\u00f3 en un primer tiempo con ecograf\u00eda y tras ello con resonancia magn\u00e9tica. La evoluci\u00f3n de la microrotura fibrilar fue muy buena &hellip; <a href=\"http:\/\/www.biolaster.com\/blogs\/kinesiotape\/2021\/07\/29\/retraccion-fascial-abdominal-con-tecnica-de-espacio\/\" class=\"more-link\">Continuar leyendo<span class=\"screen-reader-text\"> &#8220;Retracci\u00f3n fascial abdominal con t\u00e9cnica de espacio&#8221;<\/span><\/a><\/p>\n","protected":false},"author":6,"featured_media":1158,"comment_status":"open","ping_status":"open","sticky":false,"template":"","format":"standard","meta":{"footnotes":""},"categories":[9],"tags":[],"yoast_head":"<!-- This site is optimized with the Yoast SEO plugin v14.2 - https:\/\/yoast.com\/wordpress\/plugins\/seo\/ -->\n<title>Retracci\u00f3n fascial abdominal con t\u00e9cnica de espacio - Kinesiology Tape<\/title>\n<meta name=\"robots\" content=\"index, follow\" \/>\n<meta name=\"googlebot\" content=\"index, follow, max-snippet:-1, max-image-preview:large, max-video-preview:-1\" \/>\n<meta name=\"bingbot\" content=\"index, follow, max-snippet:-1, max-image-preview:large, max-video-preview:-1\" \/>\n<link rel=\"canonical\" href=\"http:\/\/www.biolaster.com\/blogs\/kinesiotape\/2021\/07\/29\/retraccion-fascial-abdominal-con-tecnica-de-espacio\/\" \/>\n<meta property=\"og:locale\" content=\"es_ES\" \/>\n<meta property=\"og:type\" content=\"article\" \/>\n<meta property=\"og:title\" content=\"Retracci\u00f3n fascial abdominal con t\u00e9cnica de espacio - Kinesiology Tape\" \/>\n<meta property=\"og:description\" content=\"\u00daltimo post antes de las vacaciones de verano! Y os traigo un caso real que curs\u00f3 tras una microrotura de fibras del recto abdominal IZDO de un deportista profesional ( pelotari) que se confirm\u00f3 en un primer tiempo con ecograf\u00eda y tras ello con resonancia magn\u00e9tica. La evoluci\u00f3n de la microrotura fibrilar fue muy buena &hellip; Continuar leyendo &quot;Retracci\u00f3n fascial abdominal con t\u00e9cnica de espacio&quot;\" \/>\n<meta property=\"og:url\" content=\"http:\/\/www.biolaster.com\/blogs\/kinesiotape\/2021\/07\/29\/retraccion-fascial-abdominal-con-tecnica-de-espacio\/\" \/>\n<meta property=\"og:site_name\" content=\"Kinesiology Tape\" \/>\n<meta property=\"article:published_time\" content=\"2021-07-29T22:00:42+00:00\" \/>\n<meta property=\"article:modified_time\" content=\"2021-07-29T22:02:53+00:00\" \/>\n<meta property=\"og:image\" content=\"http:\/\/www.biolaster.com\/blogs\/kinesiotape\/wp-content\/uploads\/sites\/3\/2021\/07\/IMG_6716-rotated.jpg\" \/>\n\t<meta property=\"og:image:width\" content=\"1512\" \/>\n\t<meta property=\"og:image:height\" content=\"2016\" \/>\n<meta name=\"twitter:card\" content=\"summary\" \/>\n<script type=\"application\/ld+json\" class=\"yoast-schema-graph\">{\"@context\":\"https:\/\/schema.org\",\"@graph\":[{\"@type\":\"WebSite\",\"@id\":\"http:\/\/www.biolaster.com\/blogs\/kinesiotape\/#website\",\"url\":\"http:\/\/www.biolaster.com\/blogs\/kinesiotape\/\",\"name\":\"Kinesiology Tape\",\"description\":\"Comentarios sobre diferentes aspectos ligados al Kinesiology Tape\",\"potentialAction\":[{\"@type\":\"SearchAction\",\"target\":\"http:\/\/www.biolaster.com\/blogs\/kinesiotape\/?s={search_term_string}\",\"query-input\":\"required name=search_term_string\"}],\"inLanguage\":\"es\"},{\"@type\":\"ImageObject\",\"@id\":\"http:\/\/www.biolaster.com\/blogs\/kinesiotape\/2021\/07\/29\/retraccion-fascial-abdominal-con-tecnica-de-espacio\/#primaryimage\",\"inLanguage\":\"es\",\"url\":\"http:\/\/www.biolaster.com\/blogs\/kinesiotape\/wp-content\/uploads\/sites\/3\/2021\/07\/IMG_6716-rotated.jpg\",\"width\":1512,\"height\":2016},{\"@type\":\"WebPage\",\"@id\":\"http:\/\/www.biolaster.com\/blogs\/kinesiotape\/2021\/07\/29\/retraccion-fascial-abdominal-con-tecnica-de-espacio\/#webpage\",\"url\":\"http:\/\/www.biolaster.com\/blogs\/kinesiotape\/2021\/07\/29\/retraccion-fascial-abdominal-con-tecnica-de-espacio\/\",\"name\":\"Retracci\\u00f3n fascial abdominal con t\\u00e9cnica de espacio - Kinesiology Tape\",\"isPartOf\":{\"@id\":\"http:\/\/www.biolaster.com\/blogs\/kinesiotape\/#website\"},\"primaryImageOfPage\":{\"@id\":\"http:\/\/www.biolaster.com\/blogs\/kinesiotape\/2021\/07\/29\/retraccion-fascial-abdominal-con-tecnica-de-espacio\/#primaryimage\"},\"datePublished\":\"2021-07-29T22:00:42+00:00\",\"dateModified\":\"2021-07-29T22:02:53+00:00\",\"author\":{\"@id\":\"http:\/\/www.biolaster.com\/blogs\/kinesiotape\/#\/schema\/person\/2256b5038440a37f419f7017a65a4fec\"},\"inLanguage\":\"es\",\"potentialAction\":[{\"@type\":\"ReadAction\",\"target\":[\"http:\/\/www.biolaster.com\/blogs\/kinesiotape\/2021\/07\/29\/retraccion-fascial-abdominal-con-tecnica-de-espacio\/\"]}]},{\"@type\":[\"Person\"],\"@id\":\"http:\/\/www.biolaster.com\/blogs\/kinesiotape\/#\/schema\/person\/2256b5038440a37f419f7017a65a4fec\",\"name\":\"txema\",\"image\":{\"@type\":\"ImageObject\",\"@id\":\"http:\/\/www.biolaster.com\/blogs\/kinesiotape\/#personlogo\",\"inLanguage\":\"es\",\"url\":\"http:\/\/1.gravatar.com\/avatar\/a6ba1bb5a7aabc400b738cc20da2feda?s=96&d=mm&r=g\",\"caption\":\"txema\"}}]}<\/script>\n<!-- \/ Yoast SEO plugin. -->","_links":{"self":[{"href":"http:\/\/www.biolaster.com\/blogs\/kinesiotape\/wp-json\/wp\/v2\/posts\/1159"}],"collection":[{"href":"http:\/\/www.biolaster.com\/blogs\/kinesiotape\/wp-json\/wp\/v2\/posts"}],"about":[{"href":"http:\/\/www.biolaster.com\/blogs\/kinesiotape\/wp-json\/wp\/v2\/types\/post"}],"author":[{"embeddable":true,"href":"http:\/\/www.biolaster.com\/blogs\/kinesiotape\/wp-json\/wp\/v2\/users\/6"}],"replies":[{"embeddable":true,"href":"http:\/\/www.biolaster.com\/blogs\/kinesiotape\/wp-json\/wp\/v2\/comments?post=1159"}],"version-history":[{"count":2,"href":"http:\/\/www.biolaster.com\/blogs\/kinesiotape\/wp-json\/wp\/v2\/posts\/1159\/revisions"}],"predecessor-version":[{"id":1161,"href":"http:\/\/www.biolaster.com\/blogs\/kinesiotape\/wp-json\/wp\/v2\/posts\/1159\/revisions\/1161"}],"wp:featuredmedia":[{"embeddable":true,"href":"http:\/\/www.biolaster.com\/blogs\/kinesiotape\/wp-json\/wp\/v2\/media\/1158"}],"wp:attachment":[{"href":"http:\/\/www.biolaster.com\/blogs\/kinesiotape\/wp-json\/wp\/v2\/media?parent=1159"}],"wp:term":[{"taxonomy":"category","embeddable":true,"href":"http:\/\/www.biolaster.com\/blogs\/kinesiotape\/wp-json\/wp\/v2\/categories?post=1159"},{"taxonomy":"post_tag","embeddable":true,"href":"http:\/\/www.biolaster.com\/blogs\/kinesiotape\/wp-json\/wp\/v2\/tags?post=1159"}],"curies":[{"name":"wp","href":"https:\/\/api.w.org\/{rel}","templated":true}]}}