{"id":53,"date":"2009-03-14T12:00:53","date_gmt":"2009-03-14T12:00:53","guid":{"rendered":"http:\/\/www.biolaster.com\/blog-trauma\/53"},"modified":"2017-07-13T06:58:00","modified_gmt":"2017-07-13T06:58:00","slug":"53-2","status":"publish","type":"post","link":"http:\/\/www.biolaster.com\/blogs\/trauma\/53-2\/","title":{"rendered":"Esguince cervical"},"content":{"rendered":"<p>Son una pareja joven. Ella entra en la consulta con una rigidez evidente del cuello. No lleva collar\u00edn pero -pienso-lo est\u00e1 pidiendo a gritos. Miro el listado de pacientes con las notas a\u00f1adidas por mi secretaria al cumplimentar el programa inform\u00e1tico de datos. Enviada por un bufete de abogados. Es la pista definitiva; lo s\u00e9 casi todo.<\/p>\n<p>-Hab\u00e9is tenido un accidente de tr\u00e1fico con un impacto en la parte posterior de vuestro coche por otro que os ha alcanzado. <a href=\"\/productos\/ortopedia\/traccion-cervical\/\"><img decoding=\"async\" src=\"\/blogs\/wp-content\/uploads\/sites\/4\/doc\/TracCervT\" align=\"right\" hspace=\"3\" \/><\/a> T\u00fa -me dirijo a la chica- estabas en el asiento del acompa\u00f1ante y has sufrido un &#8220;latigazo&#8221; cervical, te duele el cuello y la cabeza, tienes mareos y probablemente sientes cosquilleos, incluso calambres, en una mano.<\/p>\n<p>Me miran en silencio pero no muestran sorpresa por lo que parece la interpretaci\u00f3n de datos de un quirom\u00e1ntico. La chica dice que s\u00ed, confirma que tiene mareos, que siente hormigueos en la mano derecha, que le duele la cabeza&#8230; y no me pregunta c\u00f3mo lo s\u00e9, sobre todo la primera parte, que han tenido un accidente de tr\u00e1fico, que les han embestido por atr\u00e1s y todo eso. Pensar\u00e1n que el m\u00e9dico tiene que saberlo, adivinarlo&#8230; o habr\u00e1n tenido antes un accidente similar y ya conocen el argumento de la pel\u00edcula, sabr\u00e1n que los abogados s\u00f3lo env\u00edan a esta consulta &#8220;interesantes&#8221; casos de esguince cervical causado por un accidente, que si no mueve el cuello es, precisamente, por culpa del esguince y que la acompa\u00f1ante est\u00e1 m\u00e1s expuesta que el conductor porque ni siquiera vio llegar el otro coche.<\/p>\n<p>-\u00bfTe atendieron en urgencias?<\/p>\n<p>-En el hospital. Aqu\u00ed tiene el informe<\/p>\n<p>Antecedentes personales, exploraci\u00f3n general por aparatos&#8230; voy saltando p\u00e1rrafos hasta llegar al diagn\u00f3stico: cervicalgia. Hombre, claro. Cervicalgia es dolor en la cervical. Pod\u00edan ser un poquito m\u00e1s expl\u00edcitos. Le han prescrito unos antiinflamatorios y un relajante muscular. Y que acuda a su traumat\u00f3lgo.<\/p>\n<p>-\u00bfQu\u00e9 tal te encuentras?<\/p>\n<p>-Fatal. Me duele y no puedo mover el cuello. Tampoco puedo dormir mucho.<\/p>\n<p>-Vamos a verte. Qu\u00edtate, por favor, la chaqueta y la camisa. Puedes ponerlas en ese colgador. Si\u00e9ntate en la camilla.<\/p>\n<p>Soy muy sistem\u00e1tico en la exploraci\u00f3n. No cuesta nada repasar unos pocos test que descarten una lesi\u00f3n neurol\u00f3gica. Comienzo por revisar los pares craneales:<\/p>\n<p>-Mira hacia arriba y arruga la frente&#8230; bien. Cierra los ojos y ens\u00e9\u00f1ame los dientes&#8230; vale. Infla la boca como para soplar&#8230; Traga saliva. No muevas la cabeza, m\u00edrame a los ojos y dime que mano muevo -coloco mis manos en el l\u00edmite derecho e izquierdo de su campo visual.<\/p>\n<p>-Las dos -sonr\u00ede por primera vez.<\/p>\n<p>-\u00bfY ahora? -Cambio la posici\u00f3n de las manos, por encima y debajo de su mirada.<\/p>\n<p>-La de abajo.<\/p>\n<p>-Cierra los ojos&#8230; \u00e1brelos&#8230; ci\u00e9rralos otra vez -Compruebo que el tama\u00f1o de las pupilas es id\u00e9ntico.<\/p>\n<p>-Muy bien. Ahora apri\u00e9tame esta mano. La otra. Estira el codo con fuerza, contra m\u00ed. D\u00f3blalo.<\/p>\n<p>Sigo repasando los pares craneales con m\u00e9todos de exploraci\u00f3n que al paciente pueden resultar graciosos pero que indican de forma sencilla que no existe lesi\u00f3n neurol\u00f3gica: la bajada de p\u00e1rpados, la contracci\u00f3n de pupilas, el movimiento paralelo de los ojos, la capacidad de mover sim\u00e9tricamente la musculatura de la cara, de sentirla, la degluci\u00f3n&#8230; me ayudan a repasar los pares craneales: III, IV, trig\u00e9mino, facial, estato-ac\u00fastico, hipogloso&#8230; La sensibilidad y la fuerza conservadas en las extremidades superiores indican ausencia de lesi\u00f3n de las ra\u00edces cervicales, del plexo braquial, de los nervios perif\u00e9ricos.<\/p>\n<p>-Tienes muy contracturada la musculatura cervical y dorsal-la paciente se estremece al presionar &#8220;el nudo&#8221; muscular en terminolog\u00eda popularizada por los masajistas.<\/p>\n<p>La exploraci\u00f3n radiogr\u00e1fica en tres posiciones, antero-posterior y oblicua no muestra fracturas o luxaciones pero s\u00ed una rectificaci\u00f3n de la curvatura cervical.<\/p>\n<p>-Esta es la placa lateral de tu columna cervcial. Ya ves que la curvatura del cuello ha desaparecido porque los m\u00fasculos contraidos lo atirantan. En algunas ocasiones puede incluso invertirse la curva en sentido contrario.<\/p>\n<p>-\u00bfY eso es grave?<\/p>\n<p>-No, s\u00f3lo molesto. Si contraes un m\u00fasculo durante mucho tiempo, acaba por doler. En este caso, el dolor cervical puede ser angustioso. Lo es en muchas ocasiones en las que llega a producir una verdadera depresi\u00f3n que a\u00f1ade un problema psicol\u00f3gico al de la lesi\u00f3n f\u00edsica. Por eso debes ser fuerte y saber desde ahora que corres un riesgo de derrumbamiento an\u00edmico. Para evitarlo es importante ser consciente de lo que pasa -lo desconocido siempre causa m\u00e1s temor-, poner todo de tu parte para superarlo y, nunca lo olvides, saber que todo esto tiene fin.<\/p>\n<p>Tengo que hacer un informe y no resulta tarea f\u00e1cil. Son tan parecidos todos los esguinces, su causa, sintomatolog\u00eda y tratamiento que debo realizar un verdadero esfuerzo para que cada paciente disponga de un informe personalizado. No puede evitar, sin embargo, coletillas comunes como las que utilizo en el comienzo del escrito: &#8220;paciente que acude a consulta para valoraci\u00f3n de lesiones sufridas en accidente de circulaci\u00f3n que, seg\u00fan refiere \u00e9l mismo, ocurri\u00f3 el d\u00eda tres del pasado mes de febrero&#8230;&#8221; O cuando al extender el alta escribo aquello de &#8220;agotadas las posibilidades de tratamiento, se extiende el alta m\u00e9dica con las siguientes secuelas&#8221;<\/p>\n<p>-Tienes que procurar descansar. No te obligo a llevar un collar\u00edn cervical pero creo que ser\u00e1 muy \u00fatil para relajar la musculatura. Util\u00edzalo a conveniencia pero creo que es mejor que sea de forma continuada al menos durante una semana. Ponte calor, toma la misma medicaci\u00f3n, antiinflamatorios y relajantes musculares, que te aconsejaron en el servicio de urgencias y pide hora para el fisioterapeuta; ser\u00e1 la persona que m\u00e1s vas a necesitar en los pr\u00f3ximos meses.<\/p>\n<p>Entrego varias copias del informe: para el m\u00e9dico de cabecera, para el forense, para el m\u00e9dico de la compa\u00f1\u00eda contraria, para el abogado&#8230; \u00a1Me agota la burocracia!<\/p>\n<p>-Sobre todo, insisto, no te desanimes. No olvides que un d\u00eda recibir\u00e1s el alta. Te ver\u00e9 peri\u00f3dicamente. Pide cita a mi secretaria para la pr\u00f3xima consulta y, si lo necesitas, no dudes en llamar para que te la adelante.<\/p>\n","protected":false},"excerpt":{"rendered":"<p>Son una pareja joven. Ella entra en la consulta con una rigidez evidente del cuello. No lleva<br \/>\ncollar\u00edn pero -pienso-lo est\u00e1 pidiendo a gritos. Miro el listado de pacientes con las notas<br \/>\na\u00f1adidas por mi secretaria al cumplimentar el programa inform\u00e1ti&#8230;&#8230;<\/p>\n","protected":false},"author":3,"featured_media":0,"comment_status":"open","ping_status":"open","sticky":false,"template":"","format":"standard","meta":{"footnotes":""},"categories":[104],"tags":[],"yoast_head":"<!-- This site is optimized with the Yoast SEO plugin v14.2 - https:\/\/yoast.com\/wordpress\/plugins\/seo\/ -->\n<title>Esguince cervical - Blog sobre Trauma<\/title>\n<meta name=\"robots\" content=\"index, follow\" \/>\n<meta name=\"googlebot\" content=\"index, follow, max-snippet:-1, max-image-preview:large, max-video-preview:-1\" \/>\n<meta name=\"bingbot\" content=\"index, follow, max-snippet:-1, max-image-preview:large, max-video-preview:-1\" \/>\n<link rel=\"canonical\" href=\"http:\/\/www.biolaster.com\/blogs\/trauma\/53-2\/\" \/>\n<meta property=\"og:locale\" content=\"es_ES\" \/>\n<meta property=\"og:type\" content=\"article\" \/>\n<meta property=\"og:title\" content=\"Esguince cervical - Blog sobre Trauma\" \/>\n<meta property=\"og:description\" content=\"Son una pareja joven. Ella entra en la consulta con una rigidez evidente del cuello. No lleva collar\u00edn pero -pienso-lo est\u00e1 pidiendo a gritos. Miro el listado de pacientes con las notas a\u00f1adidas por mi secretaria al cumplimentar el programa inform\u00e1ti......\" \/>\n<meta property=\"og:url\" content=\"http:\/\/www.biolaster.com\/blogs\/trauma\/53-2\/\" \/>\n<meta property=\"og:site_name\" content=\"Blog sobre Trauma\" \/>\n<meta property=\"article:published_time\" content=\"2009-03-14T12:00:53+00:00\" \/>\n<meta property=\"article:modified_time\" content=\"2017-07-13T06:58:00+00:00\" \/>\n<meta property=\"og:image\" content=\"http:\/\/www.biolaster.com\/blogs\/wp-content\/uploads\/sites\/4\/doc\/TracCervT\" \/>\n<meta name=\"twitter:card\" content=\"summary\" \/>\n<script type=\"application\/ld+json\" class=\"yoast-schema-graph\">{\"@context\":\"https:\/\/schema.org\",\"@graph\":[{\"@type\":\"WebSite\",\"@id\":\"http:\/\/www.biolaster.com\/blogs\/trauma\/#website\",\"url\":\"http:\/\/www.biolaster.com\/blogs\/trauma\/\",\"name\":\"Blog sobre Trauma\",\"description\":\"La consulta del Doctor Wenceslao Atson\",\"potentialAction\":[{\"@type\":\"SearchAction\",\"target\":\"http:\/\/www.biolaster.com\/blogs\/trauma\/?s={search_term_string}\",\"query-input\":\"required name=search_term_string\"}],\"inLanguage\":\"es\"},{\"@type\":\"ImageObject\",\"@id\":\"http:\/\/www.biolaster.com\/blogs\/trauma\/53-2\/#primaryimage\",\"inLanguage\":\"es\",\"url\":\"\/blogs\/wp-content\/uploads\/sites\/4\/doc\/TracCervT\"},{\"@type\":\"WebPage\",\"@id\":\"http:\/\/www.biolaster.com\/blogs\/trauma\/53-2\/#webpage\",\"url\":\"http:\/\/www.biolaster.com\/blogs\/trauma\/53-2\/\",\"name\":\"Esguince cervical - Blog sobre Trauma\",\"isPartOf\":{\"@id\":\"http:\/\/www.biolaster.com\/blogs\/trauma\/#website\"},\"primaryImageOfPage\":{\"@id\":\"http:\/\/www.biolaster.com\/blogs\/trauma\/53-2\/#primaryimage\"},\"datePublished\":\"2009-03-14T12:00:53+00:00\",\"dateModified\":\"2017-07-13T06:58:00+00:00\",\"author\":{\"@id\":\"http:\/\/www.biolaster.com\/blogs\/trauma\/#\/schema\/person\/b4dabcba6a94621f90e44856acf7a031\"},\"inLanguage\":\"es\",\"potentialAction\":[{\"@type\":\"ReadAction\",\"target\":[\"http:\/\/www.biolaster.com\/blogs\/trauma\/53-2\/\"]}]},{\"@type\":[\"Person\"],\"@id\":\"http:\/\/www.biolaster.com\/blogs\/trauma\/#\/schema\/person\/b4dabcba6a94621f90e44856acf7a031\",\"name\":\"drwenceslao\",\"image\":{\"@type\":\"ImageObject\",\"@id\":\"http:\/\/www.biolaster.com\/blogs\/trauma\/#personlogo\",\"inLanguage\":\"es\",\"url\":\"http:\/\/1.gravatar.com\/avatar\/1869543e1ac9301ef1b9e1f5b6b2c7da?s=96&d=mm&r=g\",\"caption\":\"drwenceslao\"}}]}<\/script>\n<!-- \/ Yoast SEO plugin. -->","_links":{"self":[{"href":"http:\/\/www.biolaster.com\/blogs\/trauma\/wp-json\/wp\/v2\/posts\/53"}],"collection":[{"href":"http:\/\/www.biolaster.com\/blogs\/trauma\/wp-json\/wp\/v2\/posts"}],"about":[{"href":"http:\/\/www.biolaster.com\/blogs\/trauma\/wp-json\/wp\/v2\/types\/post"}],"author":[{"embeddable":true,"href":"http:\/\/www.biolaster.com\/blogs\/trauma\/wp-json\/wp\/v2\/users\/3"}],"replies":[{"embeddable":true,"href":"http:\/\/www.biolaster.com\/blogs\/trauma\/wp-json\/wp\/v2\/comments?post=53"}],"version-history":[{"count":3,"href":"http:\/\/www.biolaster.com\/blogs\/trauma\/wp-json\/wp\/v2\/posts\/53\/revisions"}],"predecessor-version":[{"id":511,"href":"http:\/\/www.biolaster.com\/blogs\/trauma\/wp-json\/wp\/v2\/posts\/53\/revisions\/511"}],"wp:attachment":[{"href":"http:\/\/www.biolaster.com\/blogs\/trauma\/wp-json\/wp\/v2\/media?parent=53"}],"wp:term":[{"taxonomy":"category","embeddable":true,"href":"http:\/\/www.biolaster.com\/blogs\/trauma\/wp-json\/wp\/v2\/categories?post=53"},{"taxonomy":"post_tag","embeddable":true,"href":"http:\/\/www.biolaster.com\/blogs\/trauma\/wp-json\/wp\/v2\/tags?post=53"}],"curies":[{"name":"wp","href":"https:\/\/api.w.org\/{rel}","templated":true}]}}